{"id":449,"date":"2025-04-24T16:24:19","date_gmt":"2025-04-24T16:24:19","guid":{"rendered":"http:\/\/medigroup.mikado-themes.com\/?p=449"},"modified":"2025-07-10T14:30:24","modified_gmt":"2025-07-10T14:30:24","slug":"integrative-medicine-and-cancer-treatment","status":"publish","type":"post","link":"https:\/\/universidadmadres.ar\/?p=449","title":{"rendered":"25 aniversario de la Universidad de las Madres"},"content":{"rendered":"<p>[vc_row][vc_column][vc_column_text]El pasado jueves 24 de abril la Universidad de las Madres celebr\u00f3 sus primeros 25 a\u00f1os con una Jornada acad\u00e9mico cultural en la sede Casa de las Madres. Con paneles, presentaciones y cierre musical, se invit\u00f3 a toda la comunidad a sumarse y participar de esta celebraci\u00f3n, donde volvimos a demostrar que la \u00fanica lucha que se pierde es la que se abandona.[\/vc_column_text][vc_gallery interval=\u00bb3&#8243; images=\u00bb3962,3961,3960&#8243;][\/vc_column][\/vc_row][vc_row css=\u00bb.vc_custom_1467116495780{padding-top: 45px !important;padding-bottom: 33px !important;}\u00bb][vc_column]\n<blockquote class=\"mkd-blockquote-shortcode\"  >\n\t<span class=\"mkd-icon-quotations-holder\">\n\t\t<span aria-hidden=\"true\" class=\"icon_quotations\"><\/span>\n\t<\/span>\n\t<h4 class=\"mkd-blockquote-text\">\n\t\t<span>La columna vertebral de la Naci\u00f3n es la educaci\u00f3n p\u00fablica que iguala y nos hace libres. Defender al sistema universitario p\u00fablico es defender nuestra continuidad como sociedad.\u201d&lt;br \/&gt;\n\u2014 @cristina.caamano.<\/span>\n\t<\/h4>\n<\/blockquote>[\/vc_column][\/vc_row][vc_row css=\u00bb.vc_custom_1466428359883{padding-bottom: 5% !important;}\u00bb][vc_column][vc_column_text]Asimismo, Carmen Arias celebr\u00f3 la continuidad de esta casa de estudios, que mantiene vivo el legado de lucha de Hebe y las Madres.[\/vc_column_text][\/vc_column][\/vc_row]<\/p>\n","protected":false},"excerpt":{"rendered":"<p>Lorem ipsum dolor sit amet, consectetuer. Proin gravida nibh vel velit auctor aliquet. Aenean sollicitudin, lorem quis bibendum auctor, nisi elit consequat ipsum, nec sagittis sem nibh id elit. Duis sed odio sit amet nibh vulputate cursus a sit amet mauris. Morbi accumsan ipsum velit. Nam nec tellus a odio tincidunt auctor a ornare odio. Sed non  mauris vitae erat consequat auctor eu in elit.<\/p>\n","protected":false},"author":1,"featured_media":3959,"comment_status":"closed","ping_status":"closed","sticky":false,"template":"","format":"standard","meta":{"footnotes":""},"categories":[65],"tags":[67],"class_list":["post-449","post","type-post","status-publish","format-standard","has-post-thumbnail","hentry","category-destacados","tag-universidad-de-las-madres"],"_links":{"self":[{"href":"https:\/\/universidadmadres.ar\/index.php?rest_route=\/wp\/v2\/posts\/449","targetHints":{"allow":["GET"]}}],"collection":[{"href":"https:\/\/universidadmadres.ar\/index.php?rest_route=\/wp\/v2\/posts"}],"about":[{"href":"https:\/\/universidadmadres.ar\/index.php?rest_route=\/wp\/v2\/types\/post"}],"author":[{"embeddable":true,"href":"https:\/\/universidadmadres.ar\/index.php?rest_route=\/wp\/v2\/users\/1"}],"replies":[{"embeddable":true,"href":"https:\/\/universidadmadres.ar\/index.php?rest_route=%2Fwp%2Fv2%2Fcomments&post=449"}],"version-history":[{"count":5,"href":"https:\/\/universidadmadres.ar\/index.php?rest_route=\/wp\/v2\/posts\/449\/revisions"}],"predecessor-version":[{"id":3963,"href":"https:\/\/universidadmadres.ar\/index.php?rest_route=\/wp\/v2\/posts\/449\/revisions\/3963"}],"wp:featuredmedia":[{"embeddable":true,"href":"https:\/\/universidadmadres.ar\/index.php?rest_route=\/wp\/v2\/media\/3959"}],"wp:attachment":[{"href":"https:\/\/universidadmadres.ar\/index.php?rest_route=%2Fwp%2Fv2%2Fmedia&parent=449"}],"wp:term":[{"taxonomy":"category","embeddable":true,"href":"https:\/\/universidadmadres.ar\/index.php?rest_route=%2Fwp%2Fv2%2Fcategories&post=449"},{"taxonomy":"post_tag","embeddable":true,"href":"https:\/\/universidadmadres.ar\/index.php?rest_route=%2Fwp%2Fv2%2Ftags&post=449"}],"curies":[{"name":"wp","href":"https:\/\/api.w.org\/{rel}","templated":true}]}}