{"id":4353,"date":"2026-03-14T17:09:50","date_gmt":"2026-03-14T17:09:50","guid":{"rendered":"https:\/\/universidadmadres.ar\/?p=4353"},"modified":"2026-03-14T17:13:41","modified_gmt":"2026-03-14T17:13:41","slug":"catedra-libre-hebe-de-bonafini-andres-larroque","status":"publish","type":"post","link":"https:\/\/universidadmadres.ar\/?p=4353","title":{"rendered":"C\u00e1tedra Libre Hebe de Bonafini &#8211; Andr\u00e9s Larroque"},"content":{"rendered":"\n<p class=\"has-medium-font-size\">El jueves 4 de diciembre del 2025, en el marco de la Semana de Hebe de Bonafini, las Madres de Plaza de Mayo Sara Mrad, Carmen Arias, Pina de Fiore e Irene Molinari inauguraron la C\u00e1tedra Libre Hebe de Bonafini junto a Cristina Caama\u00f1o y el ministro bonaerense de la Comunidad Andr\u00e9s \u00abel Cuervo\u00bb Larroque.<\/p>\n\n\n\n<p class=\"has-medium-font-size\">\u201cVenimos de de una plaza hermosa, maravillosa, qu\u00e9 contenta estar\u00eda Hebe que Axel, el Gobernador de la Provincia de Buenos Aires, estuvo en su cumplea\u00f1os\u201d, indic\u00f3 en el comienzo del acto en referencia a <a href=\"https:\/\/universidadmadres.ar\/?p=4257\">la presencia de Kicillof en la Plaza de Mayo durante la Marcha 2486<\/a>. \u201cY para arrancar no quiero decir una palabra sin antes mencionar una cosa que me parece fundamental: tenemos que devolverle la Universidad a las Madres\u201d, indic\u00f3 en referencia a la ilegal intervenci\u00f3n de la UNMa por parte del gobierno de Milei.<\/p>\n\n\n\n<figure class=\"wp-block-embed is-type-video is-provider-youtube wp-block-embed-youtube wp-embed-aspect-16-9 wp-has-aspect-ratio\"><div class=\"wp-block-embed__wrapper\">\n<iframe loading=\"lazy\" title=\"Catedra Libre Hebe de Bonafini - Andr\u00e9s Larroque\" width=\"1060\" height=\"596\" src=\"https:\/\/www.youtube.com\/embed\/MtnyGdUtyU4?feature=oembed\" frameborder=\"0\" allow=\"accelerometer; autoplay; clipboard-write; encrypted-media; gyroscope; picture-in-picture; web-share\" referrerpolicy=\"strict-origin-when-cross-origin\" allowfullscreen><\/iframe>\n<\/div><\/figure>\n\n\n\n<p class=\"has-medium-font-size\">Asimismo, expres\u00f3 que \u201ces fundamental que podamos generar este tipo de espacios, de \u00e1mbitos para poder elaborar y sistematizar todo aquello que tiene que ver con el pensamiento nacional y popular y sobre todo de una figura como como Hebe, que es hablar de la historia contempor\u00e1nea de la Argentina\u201d.<\/p>\n\n\n\n<p class=\"has-medium-font-size\">\u201cEs hablar de c\u00f3mo aquella humilde ama de casa, como ella se defin\u00eda, se transform\u00f3 en el cuadro pol\u00edtico m\u00e1s l\u00facido de la Argentina junto a las Madres, que fueron Madres de un Pueblo y de un pa\u00eds hu\u00e9rfano\u201d, agreg\u00f3. \u201cPorque hasta N\u00e9stor y Cristina, el devenir de de nuestro pa\u00eds, de nuestro Pueblo, el dolor, las decepciones, las desilusiones del retorno de la democracia, las traiciones (\u2026) en el marco de esa de esa oscura noche estuvieron las Madres y estuvo Hebe como faro de referencia para el Pueblo, para la Militancia\u201d.<\/p>\n\n\n\n<p class=\"has-medium-font-size\">\u201cComo lo dec\u00eda Hebe en el video, era el momento de quiebre, amedrentar para frenar con la lucha y creo que ese es el mensaje: pase lo que pase, hay que seguir, seguir y seguir luchando\u201d, indic\u00f3 en referencia al video del discurso de Hebe que inaugur\u00f3 la C\u00e1tedra Libre.<\/p>\n\n\n\n<p class=\"has-medium-font-size\">\u201cEn uno de los momentos, en uno de los puntos de inflexi\u00f3n m\u00e1s importantes de nuestra historia, sin dudas abrieron las puertas a la recuperaci\u00f3n de un gobierno nacional y popular en la Argentina. No podemos pensar a N\u00e9stor y luego a Cristina sin ese 19 y 20 de diciembre del 2001 con el pueblo en la calle y con Hebe de Bonafini a la cabeza enfrentando a la represi\u00f3n\u201d.<\/p>\n\n\n\n<figure class=\"wp-block-image size-large\"><img loading=\"lazy\" decoding=\"async\" width=\"1024\" height=\"683\" src=\"https:\/\/universidadmadres.ar\/wp-content\/uploads\/2025\/12\/G7XPPt6XoAAj9v2-1024x683.jpg\" alt=\"\" class=\"wp-image-4226\" srcset=\"https:\/\/universidadmadres.ar\/wp-content\/uploads\/2025\/12\/G7XPPt6XoAAj9v2-1024x683.jpg 1024w, https:\/\/universidadmadres.ar\/wp-content\/uploads\/2025\/12\/G7XPPt6XoAAj9v2-300x200.jpg 300w, https:\/\/universidadmadres.ar\/wp-content\/uploads\/2025\/12\/G7XPPt6XoAAj9v2-768x512.jpg 768w, https:\/\/universidadmadres.ar\/wp-content\/uploads\/2025\/12\/G7XPPt6XoAAj9v2-1536x1024.jpg 1536w, https:\/\/universidadmadres.ar\/wp-content\/uploads\/2025\/12\/G7XPPt6XoAAj9v2.jpg 1600w\" sizes=\"auto, (max-width: 1024px) 100vw, 1024px\" \/><\/figure>\n\n\n\n<p class=\"has-medium-font-size\">\u201cLa llegada de N\u00e9stor, obviamente signific\u00f3 el comienzo de de una nueva historia para el pueblo, tambi\u00e9n por supuesto para para las Madres, para todos los que peleaban por la memoria, la verdad y la justicia\u201d, agreg\u00f3.<\/p>\n\n\n\n<p class=\"has-medium-font-size\">En referencia a Hebe indic\u00f3 que \u201cella pod\u00eda captar, interpretar una situaci\u00f3n pol\u00edtica instant\u00e1neamente, nosotros ten\u00edamos que pensar, analizar a veces por nuestras taras y sin embargo vos te la encontrabas a Hebe y enseguida enderezabas la nave\u201d. Y agreg\u00f3 que \u201clas Madres y son grandes e inmensas dirigentas pol\u00edticas de la Argentina, no calculan, no especulan\u201d.<\/p>\n\n\n\n<figure class=\"wp-block-image size-large\"><img loading=\"lazy\" decoding=\"async\" width=\"1024\" height=\"683\" src=\"https:\/\/universidadmadres.ar\/wp-content\/uploads\/2025\/12\/G7XQLlUWYAAVUMi-1024x683.jpg\" alt=\"\" class=\"wp-image-4223\" srcset=\"https:\/\/universidadmadres.ar\/wp-content\/uploads\/2025\/12\/G7XQLlUWYAAVUMi-1024x683.jpg 1024w, https:\/\/universidadmadres.ar\/wp-content\/uploads\/2025\/12\/G7XQLlUWYAAVUMi-300x200.jpg 300w, https:\/\/universidadmadres.ar\/wp-content\/uploads\/2025\/12\/G7XQLlUWYAAVUMi-768x512.jpg 768w, https:\/\/universidadmadres.ar\/wp-content\/uploads\/2025\/12\/G7XQLlUWYAAVUMi-1536x1024.jpg 1536w, https:\/\/universidadmadres.ar\/wp-content\/uploads\/2025\/12\/G7XQLlUWYAAVUMi.jpg 1600w\" sizes=\"auto, (max-width: 1024px) 100vw, 1024px\" \/><\/figure>\n\n\n\n<p class=\"has-medium-font-size\">En referencia a la actualidad pol\u00edtica indic\u00f3 que \u201csi te molesta que haya chicos, ni\u00f1os y ni\u00f1as que no tengan comida; si te molesta que haya jubilados que no tengan los remedios; si te molesta que haya enfermos oncol\u00f3gicos que no puedan contar con su medicaci\u00f3n; si te molesta que haya trabajadores que quedan en la calle; si te molesta y te duele que se desmembran las familias y que avance la marginalidad en la Argentina, \u00bfc\u00f3mo no vas a apoyar a ese gobernador que se puso de pie, que da la pelea y que da la batalla?\u201d. Por eso indic\u00f3 que \u201ctodos tenemos que estar con Axel porque hay lugar para todos y para todas en la construcci\u00f3n pol\u00edtica\u201d porque \u201cel peronismo es un movimiento amplio, no es sectario ni excluyente\u201d.<\/p>\n\n\n\n<p class=\"has-medium-font-size\">En el cierre del acto inst\u00f3 a que \u201ccon el ejemplo de Hebe llevemos al peronismo a la victoria para devolverle un poco de felicidad a nuestro pueblo\u201d. As\u00ed di\u00f3 cierre a la inauguraci\u00f3n de la C\u00e1tedra Libre Hebe de Bonafini, que durante todo 2026 recuperar\u00e1 su legado desde el presente.<\/p>\n\n\n\n<figure class=\"wp-block-image size-large\"><img loading=\"lazy\" decoding=\"async\" width=\"1024\" height=\"683\" src=\"https:\/\/universidadmadres.ar\/wp-content\/uploads\/2026\/03\/G7XQQTaXUAAT2aS-1024x683.jpg\" alt=\"\" class=\"wp-image-4355\" srcset=\"https:\/\/universidadmadres.ar\/wp-content\/uploads\/2026\/03\/G7XQQTaXUAAT2aS-1024x683.jpg 1024w, https:\/\/universidadmadres.ar\/wp-content\/uploads\/2026\/03\/G7XQQTaXUAAT2aS-300x200.jpg 300w, https:\/\/universidadmadres.ar\/wp-content\/uploads\/2026\/03\/G7XQQTaXUAAT2aS-768x512.jpg 768w, https:\/\/universidadmadres.ar\/wp-content\/uploads\/2026\/03\/G7XQQTaXUAAT2aS-1536x1024.jpg 1536w, https:\/\/universidadmadres.ar\/wp-content\/uploads\/2026\/03\/G7XQQTaXUAAT2aS.jpg 1600w\" sizes=\"auto, (max-width: 1024px) 100vw, 1024px\" \/><\/figure>\n","protected":false},"excerpt":{"rendered":"<p>El jueves 4 de diciembre del 2025, en el marco de la Semana de Hebe de Bonafini, las Madres de Plaza de Mayo Sara Mrad, Carmen Arias, Pina de Fiore e Irene Molinari inauguraron la C\u00e1tedra Libre Hebe de Bonafini junto a Cristina Caama\u00f1o y&#8230;<\/p>\n","protected":false},"author":2,"featured_media":4354,"comment_status":"open","ping_status":"open","sticky":false,"template":"","format":"standard","meta":{"footnotes":""},"categories":[71,68],"tags":[],"class_list":["post-4353","post","type-post","status-publish","format-standard","has-post-thumbnail","hentry","category-catedra-libre-hebe-de-bonafini","category-noticias"],"_links":{"self":[{"href":"https:\/\/universidadmadres.ar\/index.php?rest_route=\/wp\/v2\/posts\/4353","targetHints":{"allow":["GET"]}}],"collection":[{"href":"https:\/\/universidadmadres.ar\/index.php?rest_route=\/wp\/v2\/posts"}],"about":[{"href":"https:\/\/universidadmadres.ar\/index.php?rest_route=\/wp\/v2\/types\/post"}],"author":[{"embeddable":true,"href":"https:\/\/universidadmadres.ar\/index.php?rest_route=\/wp\/v2\/users\/2"}],"replies":[{"embeddable":true,"href":"https:\/\/universidadmadres.ar\/index.php?rest_route=%2Fwp%2Fv2%2Fcomments&post=4353"}],"version-history":[{"count":4,"href":"https:\/\/universidadmadres.ar\/index.php?rest_route=\/wp\/v2\/posts\/4353\/revisions"}],"predecessor-version":[{"id":4359,"href":"https:\/\/universidadmadres.ar\/index.php?rest_route=\/wp\/v2\/posts\/4353\/revisions\/4359"}],"wp:featuredmedia":[{"embeddable":true,"href":"https:\/\/universidadmadres.ar\/index.php?rest_route=\/wp\/v2\/media\/4354"}],"wp:attachment":[{"href":"https:\/\/universidadmadres.ar\/index.php?rest_route=%2Fwp%2Fv2%2Fmedia&parent=4353"}],"wp:term":[{"taxonomy":"category","embeddable":true,"href":"https:\/\/universidadmadres.ar\/index.php?rest_route=%2Fwp%2Fv2%2Fcategories&post=4353"},{"taxonomy":"post_tag","embeddable":true,"href":"https:\/\/universidadmadres.ar\/index.php?rest_route=%2Fwp%2Fv2%2Ftags&post=4353"}],"curies":[{"name":"wp","href":"https:\/\/api.w.org\/{rel}","templated":true}]}}