{"id":4246,"date":"2025-12-20T20:44:07","date_gmt":"2025-12-20T20:44:07","guid":{"rendered":"https:\/\/universidadmadres.ar\/?p=4246"},"modified":"2026-01-21T22:32:00","modified_gmt":"2026-01-21T22:32:00","slug":"palabra-madre-se-anuncian-nuevas-ediciones-de-la-universidad","status":"publish","type":"post","link":"https:\/\/universidadmadres.ar\/?p=4246","title":{"rendered":"Palabra Madre: se anuncian nuevas ediciones de la Universidad"},"content":{"rendered":"\n<p class=\"has-medium-font-size\">En convenio con la Universit\u00e4t Konstanz de Alemania se editar\u00e1n dos vol\u00famenes recopilatorios de la amplia labor de las Madres el pr\u00f3ximo a\u00f1o. Se trata de \u201cLas Madres y los Juicios \u00c9ticos\u201d que consta de dos tomos: \u00abVol I: Discursos 24 de Marzo (1981-2025)\u00bb que se editar\u00e1 en abril del 2026 y \u00abVol II: Juicios Populares en Plaza de Mayo\u00bb que se publicar\u00e1 en marzo 2027. Ser\u00e1n compilados por Cristina Caama\u00f1o y Valeria Vegh Weis, con la participaci\u00f3n de Demetrio Iramain en el Vol I.\u00a0<\/p>\n\n\n\n<p class=\"has-medium-font-size\">En el largo proceso de recuperaci\u00f3n de la rica historia de la Asociaci\u00f3n Madres de Plaza de Mayo que la Universidad lleva adelante, se proyecta para el pr\u00f3ximo a\u00f1o la publicaci\u00f3n de dos libros fundamentales. Se trata de los discursos que fueron pronunciados en los sucesivos actos del 24 de marzo desde 1981, y de los Juicios Populares que se desarrollaron en Plaza de Mayo y que tuvieron como acusados a los c\u00f3mplices econ\u00f3micos y pol\u00edticos de la dictadura.&nbsp;<\/p>\n\n\n\n<p class=\"has-medium-font-size\">A partir de un convenio con la Universitat Konstanz de Alemania ser\u00e1 posible no s\u00f3lo la publicaci\u00f3n digital sino especialmente su difusi\u00f3n gratuita para que las palabras de las Madres lleguen a todo el mundo. La compilaci\u00f3n estar\u00e1 a cargo de Cristina Caama\u00f1o y Valeria Vegh Weis, quienes comandar\u00e1n un gran equipo a cargo de una edici\u00f3n que con mucho amor y compromiso trabajar\u00e1 estos materiales tan importantes.&nbsp;<\/p>\n\n\n\n<figure class=\"wp-block-image size-large\"><img loading=\"lazy\" decoding=\"async\" width=\"642\" height=\"1024\" src=\"https:\/\/universidadmadres.ar\/wp-content\/uploads\/2025\/12\/Portada-Libro-1-642x1024.png\" alt=\"\" class=\"wp-image-4248\" srcset=\"https:\/\/universidadmadres.ar\/wp-content\/uploads\/2025\/12\/Portada-Libro-1-642x1024.png 642w, https:\/\/universidadmadres.ar\/wp-content\/uploads\/2025\/12\/Portada-Libro-1-188x300.png 188w, https:\/\/universidadmadres.ar\/wp-content\/uploads\/2025\/12\/Portada-Libro-1-768x1226.png 768w, https:\/\/universidadmadres.ar\/wp-content\/uploads\/2025\/12\/Portada-Libro-1-963x1536.png 963w, https:\/\/universidadmadres.ar\/wp-content\/uploads\/2025\/12\/Portada-Libro-1-1283x2048.png 1283w, https:\/\/universidadmadres.ar\/wp-content\/uploads\/2025\/12\/Portada-Libro-1.png 1410w\" sizes=\"auto, (max-width: 642px) 100vw, 642px\" \/><\/figure>\n\n\n\n<p class=\"has-medium-font-size\">Cabe mencionar tambi\u00e9n que el pr\u00f3ximo a\u00f1o se cumple el 50 aniversario del golpee genocida, por lo que esta tarea de memoria sirve tambi\u00e9n para recordar la lucha de las Madres y el camino de justicia popular que supieron construir. Su legado de resistencia es tambi\u00e9n el de esta Universidad que, pese a la ilegal intervenci\u00f3n del gobierno de Milei que se apropi\u00f3 de sus fondos, sigue activa y en lucha.<\/p>\n\n\n\n<p><\/p>\n","protected":false},"excerpt":{"rendered":"<p>En convenio con la Universit\u00e4t Konstanz de Alemania se editar\u00e1n dos vol\u00famenes recopilatorios de la amplia labor de las Madres el pr\u00f3ximo a\u00f1o. Se trata de \u201cLas Madres y los Juicios \u00c9ticos\u201d que consta de dos tomos: \u00abVol I: Discursos 24 de Marzo (1981-2025)\u00bb que&#8230;<\/p>\n","protected":false},"author":2,"featured_media":4253,"comment_status":"open","ping_status":"open","sticky":false,"template":"","format":"standard","meta":{"footnotes":""},"categories":[65,68],"tags":[],"class_list":["post-4246","post","type-post","status-publish","format-standard","has-post-thumbnail","hentry","category-destacados","category-noticias"],"_links":{"self":[{"href":"https:\/\/universidadmadres.ar\/index.php?rest_route=\/wp\/v2\/posts\/4246","targetHints":{"allow":["GET"]}}],"collection":[{"href":"https:\/\/universidadmadres.ar\/index.php?rest_route=\/wp\/v2\/posts"}],"about":[{"href":"https:\/\/universidadmadres.ar\/index.php?rest_route=\/wp\/v2\/types\/post"}],"author":[{"embeddable":true,"href":"https:\/\/universidadmadres.ar\/index.php?rest_route=\/wp\/v2\/users\/2"}],"replies":[{"embeddable":true,"href":"https:\/\/universidadmadres.ar\/index.php?rest_route=%2Fwp%2Fv2%2Fcomments&post=4246"}],"version-history":[{"count":5,"href":"https:\/\/universidadmadres.ar\/index.php?rest_route=\/wp\/v2\/posts\/4246\/revisions"}],"predecessor-version":[{"id":4255,"href":"https:\/\/universidadmadres.ar\/index.php?rest_route=\/wp\/v2\/posts\/4246\/revisions\/4255"}],"wp:featuredmedia":[{"embeddable":true,"href":"https:\/\/universidadmadres.ar\/index.php?rest_route=\/wp\/v2\/media\/4253"}],"wp:attachment":[{"href":"https:\/\/universidadmadres.ar\/index.php?rest_route=%2Fwp%2Fv2%2Fmedia&parent=4246"}],"wp:term":[{"taxonomy":"category","embeddable":true,"href":"https:\/\/universidadmadres.ar\/index.php?rest_route=%2Fwp%2Fv2%2Fcategories&post=4246"},{"taxonomy":"post_tag","embeddable":true,"href":"https:\/\/universidadmadres.ar\/index.php?rest_route=%2Fwp%2Fv2%2Ftags&post=4246"}],"curies":[{"name":"wp","href":"https:\/\/api.w.org\/{rel}","templated":true}]}}