{"id":3904,"date":"2025-05-31T22:46:00","date_gmt":"2025-05-31T22:46:00","guid":{"rendered":"https:\/\/universidadmadres.ar\/?p=3904"},"modified":"2025-07-10T14:28:16","modified_gmt":"2025-07-10T14:28:16","slug":"inicio-de-clases-2-cuatrimestre-ciclo-lectivo-2024","status":"publish","type":"post","link":"https:\/\/universidadmadres.ar\/?p=3904","title":{"rendered":"EDUCAR ES COMBATIR"},"content":{"rendered":"\n<p>Durante un a\u00f1o y medio resistimos y denunciamos el intento por parte del gobierno de Milei de apoderarse de la UNMa. Hoy debemos anunciar que el Poder Judicial, aline\u00e1ndose con los intereses del oficialismo, intenta mediante un fallo brindarle legalidad a la intervenci\u00f3n del gobierno. La misma que ha sido desconocida por todo el Sistema Universitario Nacional, los gremios y les estudiantes.<\/p>\n\n\n\n<p>Es por esto que agotaremos todas las instancias judiciales que correspondan, porque esta Universidad contin\u00faa en disputa y seguimos escribiendo su historia. Porque no existe la UNMa sin las Madres, sin sus docentes, nodocentes y estudiantes.<\/p>\n\n\n\n<p>Porque no puede un gobierno negacionista y pro-dictadura, decidir sobre el futuro de la \u00fanica universidad latinoamericana que cuenta con una perspectiva transversal en derechos humanos.<\/p>\n\n\n\n<p>Y porque este legado de amor que es la Universidad de las Madres encontrar\u00e1 e inventar\u00e1 los caminos que le permitan continuar con su invaluable aporte.<\/p>\n\n\n\n<p>Agradecemos a quienes nos acompa\u00f1an en esta lucha y que lo seguir\u00e1n haciendo en las diversas propuestas y medidas que llevemos adelante, porque como las Madres nos ense\u00f1aron la \u00fanica lucha que se pierde es la que se abandona.<\/p>\n","protected":false},"excerpt":{"rendered":"<p>Este legado de amor que es la Universidad de las Madres encontrar\u00e1 e inventar\u00e1 los caminos que le permitan continuar con su invaluable aporte.<\/p>\n","protected":false},"author":1,"featured_media":3965,"comment_status":"closed","ping_status":"closed","sticky":false,"template":"","format":"standard","meta":{"footnotes":""},"categories":[65],"tags":[],"class_list":["post-3904","post","type-post","status-publish","format-standard","has-post-thumbnail","hentry","category-destacados"],"_links":{"self":[{"href":"https:\/\/universidadmadres.ar\/index.php?rest_route=\/wp\/v2\/posts\/3904","targetHints":{"allow":["GET"]}}],"collection":[{"href":"https:\/\/universidadmadres.ar\/index.php?rest_route=\/wp\/v2\/posts"}],"about":[{"href":"https:\/\/universidadmadres.ar\/index.php?rest_route=\/wp\/v2\/types\/post"}],"author":[{"embeddable":true,"href":"https:\/\/universidadmadres.ar\/index.php?rest_route=\/wp\/v2\/users\/1"}],"replies":[{"embeddable":true,"href":"https:\/\/universidadmadres.ar\/index.php?rest_route=%2Fwp%2Fv2%2Fcomments&post=3904"}],"version-history":[{"count":2,"href":"https:\/\/universidadmadres.ar\/index.php?rest_route=\/wp\/v2\/posts\/3904\/revisions"}],"predecessor-version":[{"id":3966,"href":"https:\/\/universidadmadres.ar\/index.php?rest_route=\/wp\/v2\/posts\/3904\/revisions\/3966"}],"wp:featuredmedia":[{"embeddable":true,"href":"https:\/\/universidadmadres.ar\/index.php?rest_route=\/wp\/v2\/media\/3965"}],"wp:attachment":[{"href":"https:\/\/universidadmadres.ar\/index.php?rest_route=%2Fwp%2Fv2%2Fmedia&parent=3904"}],"wp:term":[{"taxonomy":"category","embeddable":true,"href":"https:\/\/universidadmadres.ar\/index.php?rest_route=%2Fwp%2Fv2%2Fcategories&post=3904"},{"taxonomy":"post_tag","embeddable":true,"href":"https:\/\/universidadmadres.ar\/index.php?rest_route=%2Fwp%2Fv2%2Ftags&post=3904"}],"curies":[{"name":"wp","href":"https:\/\/api.w.org\/{rel}","templated":true}]}}